{"id":1802,"date":"2025-10-08T14:07:56","date_gmt":"2025-10-08T19:07:56","guid":{"rendered":"https:\/\/carpls.org\/?p=1802"},"modified":"2025-10-08T14:07:57","modified_gmt":"2025-10-08T19:07:57","slug":"carpls-celebra-el-mes-de-la-herencia-hispana","status":"publish","type":"post","link":"https:\/\/carpls.org\/es\/carpls-celebra-el-mes-de-la-herencia-hispana\/","title":{"rendered":"CARPLS celebra el Mes de la Herencia Hispana"},"content":{"rendered":"<p><strong>Feliz Mes de la Herencia Hispana<\/strong><\/p>\n\n\n\n<p><em>En CARPLS, estamos orgullosos de celebrar las ricas culturas, historias y contribuciones que impulsan nuestra misi\u00f3n de equidad y justicia. La abogada supervisora Patricia Cintr\u00f3n-Bastin comparte lo que este mes significa para ella y c\u00f3mo su identidad como abogada latina da forma a su trabajo.<\/em><\/p>\n\n\n\n<hr class=\"wp-block-separator has-alpha-channel-opacity\"\/>\n\n\n\n<p><strong>Todos tenemos poder.<\/strong>&nbsp;Todos tenemos poder. Este es el mensaje que comparto cada d\u00eda con nuestros clientes de Latine: un recordatorio de que sus voces importan y sus historias merecen justicia.<\/p>\n\n\n\n<p>Como abogada latina, formo parte de un grupo peque\u00f1o pero poderoso -s\u00f3lo&nbsp;<strong>3% de los abogados del pa\u00eds son latinos<\/strong>. Esta estad\u00edstica subraya la importancia de la representaci\u00f3n en todos los espacios donde se toman decisiones. No se trata solo de estar presentes; se trata de ser escuchados, de ser vistos y de ser una fuente de fortaleza para nuestras comunidades.<\/p>\n\n\n\n<p>Trabajar como&nbsp;<strong>Abogado supervisor boricua en CARPLS Legal Aid<\/strong>Soy testigo de primera mano del impacto del apoyo jur\u00eddico culturalmente competente. Cada d\u00eda ayudo a mis clientes a desenvolverse en sistemas complejos, a defender sus derechos y a reclamar su poder. Es m\u00e1s que un trabajo, es una vocaci\u00f3n.<\/p>\n\n\n\n<p>Uno de los momentos m\u00e1s inolvidables de mi viaje fue conocer a&nbsp;<strong>Jueza Sonia Sotomayor<\/strong>&nbsp;en una firma de libros. Cuando le habl\u00e9 de mi papel, me mir\u00f3 a los ojos y me dijo,&nbsp;<em>\"Seguir luchando la lucha\".<\/em>&nbsp;Sus palabras me conmovieron profundamente: una validaci\u00f3n del camino que he elegido y de las batallas que seguimos afrontando.<\/p>\n\n\n\n<p>Ser latina no es s\u00f3lo parte de mi identidad, es la lente a trav\u00e9s de la cual sirvo, elevo y empodero. Incluso en tiempos desalentadores, me consuela saber que&nbsp;<strong>CARPLS est\u00e1 aqu\u00ed para nuestra comunidad<\/strong>y que formo parte de un movimiento que aporta esperanza, justicia y dignidad a quienes m\u00e1s lo necesitan.<\/p>\n\n\n\n<hr class=\"wp-block-separator has-alpha-channel-opacity\"\/>\n\n\n\n<p>Despl\u00e1cese para ver otros momentos destacados que hemos publicado en las redes sociales este Mes de la Herencia Hispana.<\/p>\n\n\n\n<div class=\"wp-block-columns is-layout-flex wp-container-core-columns-is-layout-9d6595d7 wp-block-columns-is-layout-flex\">\n<div class=\"wp-block-column is-layout-flow wp-block-column-is-layout-flow\">\n<figure class=\"wp-block-image size-large\"><img loading=\"lazy\" decoding=\"async\" width=\"819\" height=\"1024\" src=\"https:\/\/carpls.org\/wp-content\/uploads\/patti-highlight-5-819x1024.png\" alt=\"\" class=\"wp-image-1813\" srcset=\"https:\/\/carpls.org\/wp-content\/uploads\/patti-highlight-5-819x1024.png 819w, https:\/\/carpls.org\/wp-content\/uploads\/patti-highlight-5-240x300.png 240w, https:\/\/carpls.org\/wp-content\/uploads\/patti-highlight-5-768x960.png 768w, https:\/\/carpls.org\/wp-content\/uploads\/patti-highlight-5-10x12.png 10w, https:\/\/carpls.org\/wp-content\/uploads\/patti-highlight-5.png 1080w\" sizes=\"auto, (max-width: 819px) 100vw, 819px\" \/><\/figure>\n<\/div>\n\n\n\n<div class=\"wp-block-column is-layout-flow wp-block-column-is-layout-flow\">\n<figure class=\"wp-block-image size-large\"><a href=\"https:\/\/www.instagram.com\/p\/DPMDSFIAUo0\/\"><img loading=\"lazy\" decoding=\"async\" width=\"819\" height=\"1024\" src=\"https:\/\/carpls.org\/wp-content\/uploads\/maria-spotlight-1-819x1024.png\" alt=\"\" class=\"wp-image-1814\" srcset=\"https:\/\/carpls.org\/wp-content\/uploads\/maria-spotlight-1-819x1024.png 819w, https:\/\/carpls.org\/wp-content\/uploads\/maria-spotlight-1-240x300.png 240w, https:\/\/carpls.org\/wp-content\/uploads\/maria-spotlight-1-768x960.png 768w, https:\/\/carpls.org\/wp-content\/uploads\/maria-spotlight-1-10x12.png 10w, https:\/\/carpls.org\/wp-content\/uploads\/maria-spotlight-1.png 1080w\" sizes=\"auto, (max-width: 819px) 100vw, 819px\" \/><\/a><\/figure>\n<\/div>\n<\/div>\n\n\n\n<div class=\"wp-block-columns is-layout-flex wp-container-core-columns-is-layout-9d6595d7 wp-block-columns-is-layout-flex\">\n<div class=\"wp-block-column is-layout-flow wp-block-column-is-layout-flow\">\n<figure class=\"wp-block-image size-large\"><a href=\"https:\/\/www.instagram.com\/p\/DOyIyhqiJyW\/\"><img loading=\"lazy\" decoding=\"async\" width=\"819\" height=\"1024\" src=\"https:\/\/carpls.org\/wp-content\/uploads\/Sandra-hispanic-heritage-1-819x1024.png\" alt=\"\" class=\"wp-image-1815\" srcset=\"https:\/\/carpls.org\/wp-content\/uploads\/Sandra-hispanic-heritage-1-819x1024.png 819w, https:\/\/carpls.org\/wp-content\/uploads\/Sandra-hispanic-heritage-1-240x300.png 240w, https:\/\/carpls.org\/wp-content\/uploads\/Sandra-hispanic-heritage-1-768x960.png 768w, https:\/\/carpls.org\/wp-content\/uploads\/Sandra-hispanic-heritage-1-10x12.png 10w, https:\/\/carpls.org\/wp-content\/uploads\/Sandra-hispanic-heritage-1.png 1080w\" sizes=\"auto, (max-width: 819px) 100vw, 819px\" \/><\/a><\/figure>\n<\/div>\n\n\n\n<div class=\"wp-block-column is-layout-flow wp-block-column-is-layout-flow\">\n<div class=\"wp-block-cover\"><img loading=\"lazy\" decoding=\"async\" width=\"576\" height=\"1024\" class=\"wp-block-cover__image-background wp-image-1816\" alt=\"\" src=\"https:\/\/carpls.org\/wp-content\/uploads\/Black-Dark-Tutorial-for-Healthy-Eating-New-Reels-Cover-Instagram-Story-576x1024.jpg\" data-object-fit=\"cover\" srcset=\"https:\/\/carpls.org\/wp-content\/uploads\/Black-Dark-Tutorial-for-Healthy-Eating-New-Reels-Cover-Instagram-Story-576x1024.jpg 576w, https:\/\/carpls.org\/wp-content\/uploads\/Black-Dark-Tutorial-for-Healthy-Eating-New-Reels-Cover-Instagram-Story-169x300.jpg 169w, https:\/\/carpls.org\/wp-content\/uploads\/Black-Dark-Tutorial-for-Healthy-Eating-New-Reels-Cover-Instagram-Story-768x1365.jpg 768w, https:\/\/carpls.org\/wp-content\/uploads\/Black-Dark-Tutorial-for-Healthy-Eating-New-Reels-Cover-Instagram-Story-864x1536.jpg 864w, https:\/\/carpls.org\/wp-content\/uploads\/Black-Dark-Tutorial-for-Healthy-Eating-New-Reels-Cover-Instagram-Story-7x12.jpg 7w, https:\/\/carpls.org\/wp-content\/uploads\/Black-Dark-Tutorial-for-Healthy-Eating-New-Reels-Cover-Instagram-Story.jpg 1080w\" sizes=\"auto, (max-width: 576px) 100vw, 576px\" \/><span aria-hidden=\"true\" class=\"wp-block-cover__background has-background-dim\"><\/span><div class=\"wp-block-cover__inner-container is-layout-flow wp-block-cover-is-layout-flow\">\n<p class=\"has-text-align-center has-large-font-size\"><a href=\"https:\/\/www.instagram.com\/p\/DPeaujIgCuX\/\">Haz clic para ver el v\u00eddeo de Antonio Rodr\u00edguez en Instagram.<\/a><\/p>\n<\/div><\/div>\n<\/div>\n<\/div>","protected":false},"excerpt":{"rendered":"<p>\u00a1Feliz Mes de la Herencia Hispana! En CARPLS, estamos orgullosos de celebrar las ricas culturas, historias y contribuciones que impulsan nuestra misi\u00f3n...<\/p>","protected":false},"author":7,"featured_media":1810,"comment_status":"closed","ping_status":"closed","sticky":false,"template":"","format":"standard","meta":{"_acf_changed":false,"_EventAllDay":false,"_EventTimezone":"","_EventStartDate":"","_EventEndDate":"","_EventStartDateUTC":"","_EventEndDateUTC":"","_EventShowMap":false,"_EventShowMapLink":false,"_EventURL":"","_EventCost":"","_EventCostDescription":"","_EventCurrencySymbol":"","_EventCurrencyCode":"","_EventCurrencyPosition":"","_EventDateTimeSeparator":"","_EventTimeRangeSeparator":"","_EventOrganizerID":[],"_EventVenueID":[],"_OrganizerEmail":"","_OrganizerPhone":"","_OrganizerWebsite":"","_VenueAddress":"","_VenueCity":"","_VenueCountry":"","_VenueProvince":"","_VenueState":"","_VenueZip":"","_VenuePhone":"","_VenueURL":"","_VenueStateProvince":"","_VenueLat":"","_VenueLng":"","_VenueShowMap":false,"_VenueShowMapLink":false,"footnotes":""},"categories":[1],"tags":[43,41,42,46,47,48],"class_list":["post-1802","post","type-post","status-publish","format-standard","has-post-thumbnail","hentry","category-blog","tag-carpls-partnerships","tag-community","tag-community-engagement","tag-hispanic-heritage-month","tag-latina","tag-latinx"],"acf":[],"_links":{"self":[{"href":"https:\/\/carpls.org\/es\/wp-json\/wp\/v2\/posts\/1802","targetHints":{"allow":["GET"]}}],"collection":[{"href":"https:\/\/carpls.org\/es\/wp-json\/wp\/v2\/posts"}],"about":[{"href":"https:\/\/carpls.org\/es\/wp-json\/wp\/v2\/types\/post"}],"author":[{"embeddable":true,"href":"https:\/\/carpls.org\/es\/wp-json\/wp\/v2\/users\/7"}],"replies":[{"embeddable":true,"href":"https:\/\/carpls.org\/es\/wp-json\/wp\/v2\/comments?post=1802"}],"version-history":[{"count":0,"href":"https:\/\/carpls.org\/es\/wp-json\/wp\/v2\/posts\/1802\/revisions"}],"wp:featuredmedia":[{"embeddable":true,"href":"https:\/\/carpls.org\/es\/wp-json\/wp\/v2\/media\/1810"}],"wp:attachment":[{"href":"https:\/\/carpls.org\/es\/wp-json\/wp\/v2\/media?parent=1802"}],"wp:term":[{"taxonomy":"category","embeddable":true,"href":"https:\/\/carpls.org\/es\/wp-json\/wp\/v2\/categories?post=1802"},{"taxonomy":"post_tag","embeddable":true,"href":"https:\/\/carpls.org\/es\/wp-json\/wp\/v2\/tags?post=1802"}],"curies":[{"name":"wp","href":"https:\/\/api.w.org\/{rel}","templated":true}]}}